{"id":79658,"date":"2025-06-09T11:03:28","date_gmt":"2025-06-09T10:03:28","guid":{"rendered":"https:\/\/www.typsa.com\/?p=79658"},"modified":"2025-06-09T11:03:28","modified_gmt":"2025-06-09T10:03:28","slug":"ciclo-de-conferencias-d-marcelo-gullo-omodeo-verdades-y-mitos-de-la-conquista-espanola-de-america-hacia-el-restablecimiento-de-la-verdad-historica","status":"publish","type":"post","link":"https:\/\/www.typsa.com\/en\/ciclo-de-conferencias-d-marcelo-gullo-omodeo-verdades-y-mitos-de-la-conquista-espanola-de-america-hacia-el-restablecimiento-de-la-verdad-historica\/","title":{"rendered":"Ciclo de Conferencias: D. Marcelo Gullo Omodeo \u201cVerdades y mitos de la conquista espa\u00f1ola de Am\u00e9rica. Hacia el restablecimiento de la verdad hist\u00f3rica\u201d"},"content":{"rendered":"<p><strong>Cu\u00e1ndo:<\/strong> 11 de junio a las 18 horas &#8211; <strong>D\u00f3nde:<\/strong> Sede Social del Grupo TYPSA, Madrid<\/p>\n<p class=\"p1\">En el \u00abTribunal de la Historia\u00bb, Espa\u00f1a ha sido juzgada por jueces parciales con testigos falsos. La historia de Espa\u00f1a en Am\u00e9rica ha sido completamente falsificada. La leyenda negra fue la obra m\u00e1s genial del marketing pol\u00edtico de los enemigos de Espa\u00f1a. Nada separa a Espa\u00f1a de Am\u00e9rica, ni a Am\u00e9rica de Espa\u00f1a, salvo la mentira y la falsificaci\u00f3n de la historia. Por eso, en las actuales circunstancias del sistema internacional, se impone el restablecimiento de la verdad hist\u00f3rica.<\/p>\n<p><a href=\"https:\/\/www.typsa.com\/wp-content\/uploads\/ConferenciaJunio25.pdf\" target=\"_blank\" rel=\"noopener\"><strong>Ver <\/strong><strong>PDF<\/strong><\/a><\/p>\n","protected":false},"excerpt":{"rendered":"<p>Cu\u00e1ndo: 11 de junio a las 18 horas &#8211; D\u00f3nde: Sede Social del Grupo TYPSA, Madrid En el \u00abTribunal de la Historia\u00bb, Espa\u00f1a ha sido juzgada por jueces parciales con testigos falsos. La historia de Espa\u00f1a en Am\u00e9rica ha sido completamente falsificada. La leyenda negra fue la obra m\u00e1s genial del marketing pol\u00edtico de los &#8230; <a title=\"Ciclo de Conferencias: D. Marcelo Gullo Omodeo \u201cVerdades y mitos de la conquista espa\u00f1ola de Am\u00e9rica. Hacia el restablecimiento de la verdad hist\u00f3rica\u201d\" class=\"read-more\" href=\"https:\/\/www.typsa.com\/en\/ciclo-de-conferencias-d-marcelo-gullo-omodeo-verdades-y-mitos-de-la-conquista-espanola-de-america-hacia-el-restablecimiento-de-la-verdad-historica\/\" aria-label=\"Read more about Ciclo de Conferencias: D. Marcelo Gullo Omodeo \u201cVerdades y mitos de la conquista espa\u00f1ola de Am\u00e9rica. Hacia el restablecimiento de la verdad hist\u00f3rica\u201d\">Read more<\/a><\/p>\n","protected":false},"author":2,"featured_media":79656,"comment_status":"open","ping_status":"closed","sticky":false,"template":"","format":"standard","meta":{"_acf_changed":false,"footnotes":""},"categories":[428],"tags":[],"class_list":["post-79658","post","type-post","status-publish","format-standard","has-post-thumbnail","hentry","category-events-en"],"acf":[],"yoast_head":"<!-- This site is optimized with the Yoast SEO plugin v27.5 - https:\/\/yoast.com\/product\/yoast-seo-wordpress\/ -->\n<title>Ciclo de Conferencias: D. Marcelo Gullo Omodeo \u201cVerdades y mitos de la conquista espa\u00f1ola de Am\u00e9rica. Hacia el restablecimiento de la verdad hist\u00f3rica\u201d - Grupo TYPSA<\/title>\n<meta name=\"robots\" content=\"index, follow, max-snippet:-1, max-image-preview:large, max-video-preview:-1\" \/>\n<link rel=\"canonical\" href=\"https:\/\/www.typsa.com\/en\/ciclo-de-conferencias-d-marcelo-gullo-omodeo-verdades-y-mitos-de-la-conquista-espanola-de-america-hacia-el-restablecimiento-de-la-verdad-historica\/\" \/>\n<meta property=\"og:locale\" content=\"en_US\" \/>\n<meta property=\"og:type\" content=\"article\" \/>\n<meta property=\"og:title\" content=\"Ciclo de Conferencias: D. Marcelo Gullo Omodeo \u201cVerdades y mitos de la conquista espa\u00f1ola de Am\u00e9rica. Hacia el restablecimiento de la verdad hist\u00f3rica\u201d - Grupo TYPSA\" \/>\n<meta property=\"og:description\" content=\"Cu\u00e1ndo: 11 de junio a las 18 horas &#8211; D\u00f3nde: Sede Social del Grupo TYPSA, Madrid En el \u00abTribunal de la Historia\u00bb, Espa\u00f1a ha sido juzgada por jueces parciales con testigos falsos. La historia de Espa\u00f1a en Am\u00e9rica ha sido completamente falsificada. La leyenda negra fue la obra m\u00e1s genial del marketing pol\u00edtico de los ... Read more\" \/>\n<meta property=\"og:url\" content=\"https:\/\/www.typsa.com\/en\/ciclo-de-conferencias-d-marcelo-gullo-omodeo-verdades-y-mitos-de-la-conquista-espanola-de-america-hacia-el-restablecimiento-de-la-verdad-historica\/\" \/>\n<meta property=\"og:site_name\" content=\"Grupo TYPSA\" \/>\n<meta property=\"article:published_time\" content=\"2025-06-09T10:03:28+00:00\" \/>\n<meta property=\"og:image\" content=\"https:\/\/www.typsa.com\/wp-content\/uploads\/ConferenciaJunio25.jpg\" \/>\n\t<meta property=\"og:image:width\" content=\"595\" \/>\n\t<meta property=\"og:image:height\" content=\"421\" \/>\n\t<meta property=\"og:image:type\" content=\"image\/jpeg\" \/>\n<meta name=\"author\" content=\"Cristina Ezquerra Boado\" \/>\n<meta name=\"twitter:card\" content=\"summary_large_image\" \/>\n<meta name=\"twitter:label1\" content=\"Written by\" \/>\n\t<meta name=\"twitter:data1\" content=\"Cristina Ezquerra Boado\" \/>\n\t<meta name=\"twitter:label2\" content=\"Est. reading time\" \/>\n\t<meta name=\"twitter:data2\" content=\"1 minute\" \/>\n<script type=\"application\/ld+json\" class=\"yoast-schema-graph\">{\"@context\":\"https:\\\/\\\/schema.org\",\"@graph\":[{\"@type\":\"Article\",\"@id\":\"https:\\\/\\\/www.typsa.com\\\/en\\\/ciclo-de-conferencias-d-marcelo-gullo-omodeo-verdades-y-mitos-de-la-conquista-espanola-de-america-hacia-el-restablecimiento-de-la-verdad-historica\\\/#article\",\"isPartOf\":{\"@id\":\"https:\\\/\\\/www.typsa.com\\\/en\\\/ciclo-de-conferencias-d-marcelo-gullo-omodeo-verdades-y-mitos-de-la-conquista-espanola-de-america-hacia-el-restablecimiento-de-la-verdad-historica\\\/\"},\"author\":{\"name\":\"Cristina Ezquerra Boado\",\"@id\":\"https:\\\/\\\/www.typsa.com\\\/en\\\/#\\\/schema\\\/person\\\/4b798f83d9c8c4ea1c0fb471926d3aa3\"},\"headline\":\"Ciclo de Conferencias: D. Marcelo Gullo Omodeo \u201cVerdades y mitos de la conquista espa\u00f1ola de Am\u00e9rica. Hacia el restablecimiento de la verdad hist\u00f3rica\u201d\",\"datePublished\":\"2025-06-09T10:03:28+00:00\",\"mainEntityOfPage\":{\"@id\":\"https:\\\/\\\/www.typsa.com\\\/en\\\/ciclo-de-conferencias-d-marcelo-gullo-omodeo-verdades-y-mitos-de-la-conquista-espanola-de-america-hacia-el-restablecimiento-de-la-verdad-historica\\\/\"},\"wordCount\":135,\"commentCount\":0,\"publisher\":{\"@id\":\"https:\\\/\\\/www.typsa.com\\\/en\\\/#organization\"},\"image\":{\"@id\":\"https:\\\/\\\/www.typsa.com\\\/en\\\/ciclo-de-conferencias-d-marcelo-gullo-omodeo-verdades-y-mitos-de-la-conquista-espanola-de-america-hacia-el-restablecimiento-de-la-verdad-historica\\\/#primaryimage\"},\"thumbnailUrl\":\"https:\\\/\\\/www.typsa.com\\\/wp-content\\\/uploads\\\/ConferenciaJunio25.jpg\",\"articleSection\":[\"Events\"],\"inLanguage\":\"en-US\",\"potentialAction\":[{\"@type\":\"CommentAction\",\"name\":\"Comment\",\"target\":[\"https:\\\/\\\/www.typsa.com\\\/en\\\/ciclo-de-conferencias-d-marcelo-gullo-omodeo-verdades-y-mitos-de-la-conquista-espanola-de-america-hacia-el-restablecimiento-de-la-verdad-historica\\\/#respond\"]}]},{\"@type\":\"WebPage\",\"@id\":\"https:\\\/\\\/www.typsa.com\\\/en\\\/ciclo-de-conferencias-d-marcelo-gullo-omodeo-verdades-y-mitos-de-la-conquista-espanola-de-america-hacia-el-restablecimiento-de-la-verdad-historica\\\/\",\"url\":\"https:\\\/\\\/www.typsa.com\\\/en\\\/ciclo-de-conferencias-d-marcelo-gullo-omodeo-verdades-y-mitos-de-la-conquista-espanola-de-america-hacia-el-restablecimiento-de-la-verdad-historica\\\/\",\"name\":\"Ciclo de Conferencias: D. Marcelo Gullo Omodeo \u201cVerdades y mitos de la conquista espa\u00f1ola de Am\u00e9rica. Hacia el restablecimiento de la verdad hist\u00f3rica\u201d - Grupo TYPSA\",\"isPartOf\":{\"@id\":\"https:\\\/\\\/www.typsa.com\\\/en\\\/#website\"},\"primaryImageOfPage\":{\"@id\":\"https:\\\/\\\/www.typsa.com\\\/en\\\/ciclo-de-conferencias-d-marcelo-gullo-omodeo-verdades-y-mitos-de-la-conquista-espanola-de-america-hacia-el-restablecimiento-de-la-verdad-historica\\\/#primaryimage\"},\"image\":{\"@id\":\"https:\\\/\\\/www.typsa.com\\\/en\\\/ciclo-de-conferencias-d-marcelo-gullo-omodeo-verdades-y-mitos-de-la-conquista-espanola-de-america-hacia-el-restablecimiento-de-la-verdad-historica\\\/#primaryimage\"},\"thumbnailUrl\":\"https:\\\/\\\/www.typsa.com\\\/wp-content\\\/uploads\\\/ConferenciaJunio25.jpg\",\"datePublished\":\"2025-06-09T10:03:28+00:00\",\"breadcrumb\":{\"@id\":\"https:\\\/\\\/www.typsa.com\\\/en\\\/ciclo-de-conferencias-d-marcelo-gullo-omodeo-verdades-y-mitos-de-la-conquista-espanola-de-america-hacia-el-restablecimiento-de-la-verdad-historica\\\/#breadcrumb\"},\"inLanguage\":\"en-US\",\"potentialAction\":[{\"@type\":\"ReadAction\",\"target\":[\"https:\\\/\\\/www.typsa.com\\\/en\\\/ciclo-de-conferencias-d-marcelo-gullo-omodeo-verdades-y-mitos-de-la-conquista-espanola-de-america-hacia-el-restablecimiento-de-la-verdad-historica\\\/\"]}]},{\"@type\":\"ImageObject\",\"inLanguage\":\"en-US\",\"@id\":\"https:\\\/\\\/www.typsa.com\\\/en\\\/ciclo-de-conferencias-d-marcelo-gullo-omodeo-verdades-y-mitos-de-la-conquista-espanola-de-america-hacia-el-restablecimiento-de-la-verdad-historica\\\/#primaryimage\",\"url\":\"https:\\\/\\\/www.typsa.com\\\/wp-content\\\/uploads\\\/ConferenciaJunio25.jpg\",\"contentUrl\":\"https:\\\/\\\/www.typsa.com\\\/wp-content\\\/uploads\\\/ConferenciaJunio25.jpg\",\"width\":595,\"height\":421},{\"@type\":\"BreadcrumbList\",\"@id\":\"https:\\\/\\\/www.typsa.com\\\/en\\\/ciclo-de-conferencias-d-marcelo-gullo-omodeo-verdades-y-mitos-de-la-conquista-espanola-de-america-hacia-el-restablecimiento-de-la-verdad-historica\\\/#breadcrumb\",\"itemListElement\":[{\"@type\":\"ListItem\",\"position\":1,\"name\":\"Home\",\"item\":\"https:\\\/\\\/www.typsa.com\\\/en\\\/\"},{\"@type\":\"ListItem\",\"position\":2,\"name\":\"Ciclo de Conferencias: D. Marcelo Gullo Omodeo \u201cVerdades y mitos de la conquista espa\u00f1ola de Am\u00e9rica. Hacia el restablecimiento de la verdad hist\u00f3rica\u201d\"}]},{\"@type\":\"WebSite\",\"@id\":\"https:\\\/\\\/www.typsa.com\\\/en\\\/#website\",\"url\":\"https:\\\/\\\/www.typsa.com\\\/en\\\/\",\"name\":\"Grupo TYPSA\",\"description\":\"Grupo TYPSA\",\"publisher\":{\"@id\":\"https:\\\/\\\/www.typsa.com\\\/en\\\/#organization\"},\"potentialAction\":[{\"@type\":\"SearchAction\",\"target\":{\"@type\":\"EntryPoint\",\"urlTemplate\":\"https:\\\/\\\/www.typsa.com\\\/en\\\/?s={search_term_string}\"},\"query-input\":{\"@type\":\"PropertyValueSpecification\",\"valueRequired\":true,\"valueName\":\"search_term_string\"}}],\"inLanguage\":\"en-US\"},{\"@type\":\"Organization\",\"@id\":\"https:\\\/\\\/www.typsa.com\\\/en\\\/#organization\",\"name\":\"Grupo TYPSA\",\"url\":\"https:\\\/\\\/www.typsa.com\\\/en\\\/\",\"logo\":{\"@type\":\"ImageObject\",\"inLanguage\":\"en-US\",\"@id\":\"https:\\\/\\\/www.typsa.com\\\/en\\\/#\\\/schema\\\/logo\\\/image\\\/\",\"url\":\"https:\\\/\\\/www.typsa.com\\\/wp-content\\\/uploads\\\/logo-grupo-Typsa-300x300-1.png\",\"contentUrl\":\"https:\\\/\\\/www.typsa.com\\\/wp-content\\\/uploads\\\/logo-grupo-Typsa-300x300-1.png\",\"width\":300,\"height\":300,\"caption\":\"Grupo TYPSA\"},\"image\":{\"@id\":\"https:\\\/\\\/www.typsa.com\\\/en\\\/#\\\/schema\\\/logo\\\/image\\\/\"}},{\"@type\":\"Person\",\"@id\":\"https:\\\/\\\/www.typsa.com\\\/en\\\/#\\\/schema\\\/person\\\/4b798f83d9c8c4ea1c0fb471926d3aa3\",\"name\":\"Cristina Ezquerra Boado\",\"image\":{\"@type\":\"ImageObject\",\"inLanguage\":\"en-US\",\"@id\":\"https:\\\/\\\/www.typsa.com\\\/wp-content\\\/litespeed\\\/avatar\\\/09e8cb539aed2a01b70e685692f432ed.jpg?ver=1777536684\",\"url\":\"https:\\\/\\\/www.typsa.com\\\/wp-content\\\/litespeed\\\/avatar\\\/09e8cb539aed2a01b70e685692f432ed.jpg?ver=1777536684\",\"contentUrl\":\"https:\\\/\\\/www.typsa.com\\\/wp-content\\\/litespeed\\\/avatar\\\/09e8cb539aed2a01b70e685692f432ed.jpg?ver=1777536684\",\"caption\":\"Cristina Ezquerra Boado\"},\"url\":\"https:\\\/\\\/www.typsa.com\\\/en\\\/author\\\/ceb\\\/\"}]}<\/script>\n<!-- \/ Yoast SEO plugin. -->","yoast_head_json":{"title":"Ciclo de Conferencias: D. Marcelo Gullo Omodeo \u201cVerdades y mitos de la conquista espa\u00f1ola de Am\u00e9rica. Hacia el restablecimiento de la verdad hist\u00f3rica\u201d - Grupo TYPSA","robots":{"index":"index","follow":"follow","max-snippet":"max-snippet:-1","max-image-preview":"max-image-preview:large","max-video-preview":"max-video-preview:-1"},"canonical":"https:\/\/www.typsa.com\/en\/ciclo-de-conferencias-d-marcelo-gullo-omodeo-verdades-y-mitos-de-la-conquista-espanola-de-america-hacia-el-restablecimiento-de-la-verdad-historica\/","og_locale":"en_US","og_type":"article","og_title":"Ciclo de Conferencias: D. Marcelo Gullo Omodeo \u201cVerdades y mitos de la conquista espa\u00f1ola de Am\u00e9rica. Hacia el restablecimiento de la verdad hist\u00f3rica\u201d - Grupo TYPSA","og_description":"Cu\u00e1ndo: 11 de junio a las 18 horas &#8211; D\u00f3nde: Sede Social del Grupo TYPSA, Madrid En el \u00abTribunal de la Historia\u00bb, Espa\u00f1a ha sido juzgada por jueces parciales con testigos falsos. La historia de Espa\u00f1a en Am\u00e9rica ha sido completamente falsificada. La leyenda negra fue la obra m\u00e1s genial del marketing pol\u00edtico de los ... Read more","og_url":"https:\/\/www.typsa.com\/en\/ciclo-de-conferencias-d-marcelo-gullo-omodeo-verdades-y-mitos-de-la-conquista-espanola-de-america-hacia-el-restablecimiento-de-la-verdad-historica\/","og_site_name":"Grupo TYPSA","article_published_time":"2025-06-09T10:03:28+00:00","og_image":[{"width":595,"height":421,"url":"https:\/\/www.typsa.com\/wp-content\/uploads\/ConferenciaJunio25.jpg","type":"image\/jpeg"}],"author":"Cristina Ezquerra Boado","twitter_card":"summary_large_image","twitter_misc":{"Written by":"Cristina Ezquerra Boado","Est. reading time":"1 minute"},"schema":{"@context":"https:\/\/schema.org","@graph":[{"@type":"Article","@id":"https:\/\/www.typsa.com\/en\/ciclo-de-conferencias-d-marcelo-gullo-omodeo-verdades-y-mitos-de-la-conquista-espanola-de-america-hacia-el-restablecimiento-de-la-verdad-historica\/#article","isPartOf":{"@id":"https:\/\/www.typsa.com\/en\/ciclo-de-conferencias-d-marcelo-gullo-omodeo-verdades-y-mitos-de-la-conquista-espanola-de-america-hacia-el-restablecimiento-de-la-verdad-historica\/"},"author":{"name":"Cristina Ezquerra Boado","@id":"https:\/\/www.typsa.com\/en\/#\/schema\/person\/4b798f83d9c8c4ea1c0fb471926d3aa3"},"headline":"Ciclo de Conferencias: D. Marcelo Gullo Omodeo \u201cVerdades y mitos de la conquista espa\u00f1ola de Am\u00e9rica. Hacia el restablecimiento de la verdad hist\u00f3rica\u201d","datePublished":"2025-06-09T10:03:28+00:00","mainEntityOfPage":{"@id":"https:\/\/www.typsa.com\/en\/ciclo-de-conferencias-d-marcelo-gullo-omodeo-verdades-y-mitos-de-la-conquista-espanola-de-america-hacia-el-restablecimiento-de-la-verdad-historica\/"},"wordCount":135,"commentCount":0,"publisher":{"@id":"https:\/\/www.typsa.com\/en\/#organization"},"image":{"@id":"https:\/\/www.typsa.com\/en\/ciclo-de-conferencias-d-marcelo-gullo-omodeo-verdades-y-mitos-de-la-conquista-espanola-de-america-hacia-el-restablecimiento-de-la-verdad-historica\/#primaryimage"},"thumbnailUrl":"https:\/\/www.typsa.com\/wp-content\/uploads\/ConferenciaJunio25.jpg","articleSection":["Events"],"inLanguage":"en-US","potentialAction":[{"@type":"CommentAction","name":"Comment","target":["https:\/\/www.typsa.com\/en\/ciclo-de-conferencias-d-marcelo-gullo-omodeo-verdades-y-mitos-de-la-conquista-espanola-de-america-hacia-el-restablecimiento-de-la-verdad-historica\/#respond"]}]},{"@type":"WebPage","@id":"https:\/\/www.typsa.com\/en\/ciclo-de-conferencias-d-marcelo-gullo-omodeo-verdades-y-mitos-de-la-conquista-espanola-de-america-hacia-el-restablecimiento-de-la-verdad-historica\/","url":"https:\/\/www.typsa.com\/en\/ciclo-de-conferencias-d-marcelo-gullo-omodeo-verdades-y-mitos-de-la-conquista-espanola-de-america-hacia-el-restablecimiento-de-la-verdad-historica\/","name":"Ciclo de Conferencias: D. Marcelo Gullo Omodeo \u201cVerdades y mitos de la conquista espa\u00f1ola de Am\u00e9rica. Hacia el restablecimiento de la verdad hist\u00f3rica\u201d - Grupo TYPSA","isPartOf":{"@id":"https:\/\/www.typsa.com\/en\/#website"},"primaryImageOfPage":{"@id":"https:\/\/www.typsa.com\/en\/ciclo-de-conferencias-d-marcelo-gullo-omodeo-verdades-y-mitos-de-la-conquista-espanola-de-america-hacia-el-restablecimiento-de-la-verdad-historica\/#primaryimage"},"image":{"@id":"https:\/\/www.typsa.com\/en\/ciclo-de-conferencias-d-marcelo-gullo-omodeo-verdades-y-mitos-de-la-conquista-espanola-de-america-hacia-el-restablecimiento-de-la-verdad-historica\/#primaryimage"},"thumbnailUrl":"https:\/\/www.typsa.com\/wp-content\/uploads\/ConferenciaJunio25.jpg","datePublished":"2025-06-09T10:03:28+00:00","breadcrumb":{"@id":"https:\/\/www.typsa.com\/en\/ciclo-de-conferencias-d-marcelo-gullo-omodeo-verdades-y-mitos-de-la-conquista-espanola-de-america-hacia-el-restablecimiento-de-la-verdad-historica\/#breadcrumb"},"inLanguage":"en-US","potentialAction":[{"@type":"ReadAction","target":["https:\/\/www.typsa.com\/en\/ciclo-de-conferencias-d-marcelo-gullo-omodeo-verdades-y-mitos-de-la-conquista-espanola-de-america-hacia-el-restablecimiento-de-la-verdad-historica\/"]}]},{"@type":"ImageObject","inLanguage":"en-US","@id":"https:\/\/www.typsa.com\/en\/ciclo-de-conferencias-d-marcelo-gullo-omodeo-verdades-y-mitos-de-la-conquista-espanola-de-america-hacia-el-restablecimiento-de-la-verdad-historica\/#primaryimage","url":"https:\/\/www.typsa.com\/wp-content\/uploads\/ConferenciaJunio25.jpg","contentUrl":"https:\/\/www.typsa.com\/wp-content\/uploads\/ConferenciaJunio25.jpg","width":595,"height":421},{"@type":"BreadcrumbList","@id":"https:\/\/www.typsa.com\/en\/ciclo-de-conferencias-d-marcelo-gullo-omodeo-verdades-y-mitos-de-la-conquista-espanola-de-america-hacia-el-restablecimiento-de-la-verdad-historica\/#breadcrumb","itemListElement":[{"@type":"ListItem","position":1,"name":"Home","item":"https:\/\/www.typsa.com\/en\/"},{"@type":"ListItem","position":2,"name":"Ciclo de Conferencias: D. Marcelo Gullo Omodeo \u201cVerdades y mitos de la conquista espa\u00f1ola de Am\u00e9rica. Hacia el restablecimiento de la verdad hist\u00f3rica\u201d"}]},{"@type":"WebSite","@id":"https:\/\/www.typsa.com\/en\/#website","url":"https:\/\/www.typsa.com\/en\/","name":"Grupo TYPSA","description":"Grupo TYPSA","publisher":{"@id":"https:\/\/www.typsa.com\/en\/#organization"},"potentialAction":[{"@type":"SearchAction","target":{"@type":"EntryPoint","urlTemplate":"https:\/\/www.typsa.com\/en\/?s={search_term_string}"},"query-input":{"@type":"PropertyValueSpecification","valueRequired":true,"valueName":"search_term_string"}}],"inLanguage":"en-US"},{"@type":"Organization","@id":"https:\/\/www.typsa.com\/en\/#organization","name":"Grupo TYPSA","url":"https:\/\/www.typsa.com\/en\/","logo":{"@type":"ImageObject","inLanguage":"en-US","@id":"https:\/\/www.typsa.com\/en\/#\/schema\/logo\/image\/","url":"https:\/\/www.typsa.com\/wp-content\/uploads\/logo-grupo-Typsa-300x300-1.png","contentUrl":"https:\/\/www.typsa.com\/wp-content\/uploads\/logo-grupo-Typsa-300x300-1.png","width":300,"height":300,"caption":"Grupo TYPSA"},"image":{"@id":"https:\/\/www.typsa.com\/en\/#\/schema\/logo\/image\/"}},{"@type":"Person","@id":"https:\/\/www.typsa.com\/en\/#\/schema\/person\/4b798f83d9c8c4ea1c0fb471926d3aa3","name":"Cristina Ezquerra Boado","image":{"@type":"ImageObject","inLanguage":"en-US","@id":"https:\/\/www.typsa.com\/wp-content\/litespeed\/avatar\/09e8cb539aed2a01b70e685692f432ed.jpg?ver=1777536684","url":"https:\/\/www.typsa.com\/wp-content\/litespeed\/avatar\/09e8cb539aed2a01b70e685692f432ed.jpg?ver=1777536684","contentUrl":"https:\/\/www.typsa.com\/wp-content\/litespeed\/avatar\/09e8cb539aed2a01b70e685692f432ed.jpg?ver=1777536684","caption":"Cristina Ezquerra Boado"},"url":"https:\/\/www.typsa.com\/en\/author\/ceb\/"}]}},"_links":{"self":[{"href":"https:\/\/www.typsa.com\/en\/wp-json\/wp\/v2\/posts\/79658","targetHints":{"allow":["GET"]}}],"collection":[{"href":"https:\/\/www.typsa.com\/en\/wp-json\/wp\/v2\/posts"}],"about":[{"href":"https:\/\/www.typsa.com\/en\/wp-json\/wp\/v2\/types\/post"}],"author":[{"embeddable":true,"href":"https:\/\/www.typsa.com\/en\/wp-json\/wp\/v2\/users\/2"}],"replies":[{"embeddable":true,"href":"https:\/\/www.typsa.com\/en\/wp-json\/wp\/v2\/comments?post=79658"}],"version-history":[{"count":1,"href":"https:\/\/www.typsa.com\/en\/wp-json\/wp\/v2\/posts\/79658\/revisions"}],"predecessor-version":[{"id":79659,"href":"https:\/\/www.typsa.com\/en\/wp-json\/wp\/v2\/posts\/79658\/revisions\/79659"}],"wp:featuredmedia":[{"embeddable":true,"href":"https:\/\/www.typsa.com\/en\/wp-json\/wp\/v2\/media\/79656"}],"wp:attachment":[{"href":"https:\/\/www.typsa.com\/en\/wp-json\/wp\/v2\/media?parent=79658"}],"wp:term":[{"taxonomy":"category","embeddable":true,"href":"https:\/\/www.typsa.com\/en\/wp-json\/wp\/v2\/categories?post=79658"},{"taxonomy":"post_tag","embeddable":true,"href":"https:\/\/www.typsa.com\/en\/wp-json\/wp\/v2\/tags?post=79658"}],"curies":[{"name":"wp","href":"https:\/\/api.w.org\/{rel}","templated":true}]}}