{"id":54140,"date":"2018-12-12T16:52:44","date_gmt":"2018-12-12T15:52:44","guid":{"rendered":"https:\/\/www.typsa.com\/subete-granada\/"},"modified":"2022-06-13T17:30:36","modified_gmt":"2022-06-13T16:30:36","slug":"subete-granada","status":"publish","type":"post","link":"https:\/\/www.typsa.com\/en\/subete-granada\/","title":{"rendered":"S\u00fabete al transporte p\u00fablico en Granada"},"content":{"rendered":"<p><img decoding=\"async\" style=\"color: #444444;\" src=\"\/files\/Encuesta-Granada3.jpg\" alt=\"\" width=\"100%\" height=\"\" hspace=\"0\" \/><strong>\u00bfEn qu\u00e9 consiste?<\/strong><\/p>\n<p>\u201cS\u00fabete al transporte p\u00fablico en Granada\u201d es un proyecto europeo para el fomento de la movilidad sostenible y la mejora de la calidad de vida de los ciudadanos. Si eres mayor de 18 a\u00f1os y quieres dejar de utilizar el coche para moverte en transporte p\u00fablico, te invitamos a que durante una semana lo pruebes gratis.<\/p>\n<h3 style=\"color: #4793c7;\"><strong>\u00bfC\u00f3mo puedo participar?<\/strong><\/h3>\n<p>Simplemente te tienes que apuntar a trav\u00e9s de este <a href=\"https:\/\/docs.google.com\/forms\/d\/e\/1FAIpQLSdrEYBjORzXTw8VIzmHtjU0adcaZc0e_l1QAOVVnf6Xwh1-MA\/viewform\" target=\"_blank\" rel=\"noopener noreferrer\"><strong>sencillo registro<\/strong><\/a>. Si resultas seleccionado, nos pondremos en contacto contigo y te proporcionaremos una Tarjeta de Transporte P\u00fablico para esa semana.<\/p>\n<h3 style=\"color: #4793c7;\"><strong>\u00bfDe qu\u00e9 manera colaboro a la mejora de la movilidad sostenible?<\/strong><\/h3>\n<p>Contestando una breve encuesta telef\u00f3nica sobre movilidad antes y despu\u00e9s de tu semana de prueba en transporte p\u00fablico. No te preocupes, nosotros nos encargamos de llamarte y hacerlo todo.<\/p>\n<h3 style=\"color: #4793c7;\"><strong>Si tienes cualquier duda\u2026<\/strong><\/h3>\n<p>Puedes enviar un correo electr\u00f3nico a <a href=\"mailto:subetealmetrogranada@gmail.com\"> subetealmetrogranada@gmail.com <\/a><br \/>\n<a href=\"https:\/\/docs.google.com\/forms\/d\/e\/1FAIpQLSdrEYBjORzXTw8VIzmHtjU0adcaZc0e_l1QAOVVnf6Xwh1-MA\/viewform\" target=\"_blank\" rel=\"noopener noreferrer\"><img decoding=\"async\" style=\"color: #444444;\" src=\"\/files\/Encuesta-Granada5.jpg\" alt=\"\" width=\"100%\" height=\"\" hspace=\"0\" \/><\/a><\/p>\n","protected":false},"excerpt":{"rendered":"<p>\u00bfEn qu\u00e9 consiste? \u201cS\u00fabete al transporte p\u00fablico en Granada\u201d es un proyecto europeo para el fomento de la movilidad sostenible y la mejora de la calidad de vida de los ciudadanos. Si eres mayor de 18 a\u00f1os y quieres dejar de utilizar el coche para moverte en transporte p\u00fablico, te invitamos a que durante una &#8230; <a title=\"S\u00fabete al transporte p\u00fablico en Granada\" class=\"read-more\" href=\"https:\/\/www.typsa.com\/en\/subete-granada\/\" aria-label=\"Read more about S\u00fabete al transporte p\u00fablico en Granada\">Read more<\/a><\/p>\n","protected":false},"author":1,"featured_media":52654,"comment_status":"closed","ping_status":"open","sticky":false,"template":"","format":"standard","meta":{"_acf_changed":false,"footnotes":""},"categories":[430],"tags":[],"class_list":["post-54140","post","type-post","status-publish","format-standard","has-post-thumbnail","hentry","category-highlights-en"],"acf":[],"yoast_head":"<!-- This site is optimized with the Yoast SEO plugin v27.4 - https:\/\/yoast.com\/product\/yoast-seo-wordpress\/ -->\n<title>S\u00fabete al transporte p\u00fablico en Granada - Grupo TYPSA<\/title>\n<meta name=\"robots\" content=\"index, follow, max-snippet:-1, max-image-preview:large, max-video-preview:-1\" \/>\n<link rel=\"canonical\" href=\"https:\/\/www.typsa.com\/en\/subete-granada\/\" \/>\n<meta property=\"og:locale\" content=\"en_US\" \/>\n<meta property=\"og:type\" content=\"article\" \/>\n<meta property=\"og:title\" content=\"S\u00fabete al transporte p\u00fablico en Granada - Grupo TYPSA\" \/>\n<meta property=\"og:description\" content=\"\u00bfEn qu\u00e9 consiste? \u201cS\u00fabete al transporte p\u00fablico en Granada\u201d es un proyecto europeo para el fomento de la movilidad sostenible y la mejora de la calidad de vida de los ciudadanos. Si eres mayor de 18 a\u00f1os y quieres dejar de utilizar el coche para moverte en transporte p\u00fablico, te invitamos a que durante una ... Read more\" \/>\n<meta property=\"og:url\" content=\"https:\/\/www.typsa.com\/en\/subete-granada\/\" \/>\n<meta property=\"og:site_name\" content=\"Grupo TYPSA\" \/>\n<meta property=\"article:published_time\" content=\"2018-12-12T15:52:44+00:00\" \/>\n<meta property=\"article:modified_time\" content=\"2022-06-13T16:30:36+00:00\" \/>\n<meta property=\"og:image\" content=\"https:\/\/www.typsa.com\/wp-content\/uploads\/Encuesta-Granada3.jpg\" \/>\n\t<meta property=\"og:image:width\" content=\"852\" \/>\n\t<meta property=\"og:image:height\" content=\"373\" \/>\n\t<meta property=\"og:image:type\" content=\"image\/jpeg\" \/>\n<meta name=\"author\" content=\"ensalza\" \/>\n<meta name=\"twitter:card\" content=\"summary_large_image\" \/>\n<meta name=\"twitter:label1\" content=\"Written by\" \/>\n\t<meta name=\"twitter:data1\" content=\"ensalza\" \/>\n\t<meta name=\"twitter:label2\" content=\"Est. reading time\" \/>\n\t<meta name=\"twitter:data2\" content=\"1 minute\" \/>\n<script type=\"application\/ld+json\" class=\"yoast-schema-graph\">{\"@context\":\"https:\\\/\\\/schema.org\",\"@graph\":[{\"@type\":\"Article\",\"@id\":\"https:\\\/\\\/www.typsa.com\\\/en\\\/subete-granada\\\/#article\",\"isPartOf\":{\"@id\":\"https:\\\/\\\/www.typsa.com\\\/en\\\/subete-granada\\\/\"},\"author\":{\"name\":\"ensalza\",\"@id\":\"https:\\\/\\\/www.typsa.com\\\/en\\\/#\\\/schema\\\/person\\\/96823f82f80793785e70a4217760bcfc\"},\"headline\":\"S\u00fabete al transporte p\u00fablico en Granada\",\"datePublished\":\"2018-12-12T15:52:44+00:00\",\"dateModified\":\"2022-06-13T16:30:36+00:00\",\"mainEntityOfPage\":{\"@id\":\"https:\\\/\\\/www.typsa.com\\\/en\\\/subete-granada\\\/\"},\"wordCount\":163,\"publisher\":{\"@id\":\"https:\\\/\\\/www.typsa.com\\\/en\\\/#organization\"},\"image\":{\"@id\":\"https:\\\/\\\/www.typsa.com\\\/en\\\/subete-granada\\\/#primaryimage\"},\"thumbnailUrl\":\"https:\\\/\\\/www.typsa.com\\\/wp-content\\\/uploads\\\/Encuesta-Granada3.jpg\",\"articleSection\":[\"Highlights\"],\"inLanguage\":\"en-US\"},{\"@type\":\"WebPage\",\"@id\":\"https:\\\/\\\/www.typsa.com\\\/en\\\/subete-granada\\\/\",\"url\":\"https:\\\/\\\/www.typsa.com\\\/en\\\/subete-granada\\\/\",\"name\":\"S\u00fabete al transporte p\u00fablico en Granada - Grupo TYPSA\",\"isPartOf\":{\"@id\":\"https:\\\/\\\/www.typsa.com\\\/en\\\/#website\"},\"primaryImageOfPage\":{\"@id\":\"https:\\\/\\\/www.typsa.com\\\/en\\\/subete-granada\\\/#primaryimage\"},\"image\":{\"@id\":\"https:\\\/\\\/www.typsa.com\\\/en\\\/subete-granada\\\/#primaryimage\"},\"thumbnailUrl\":\"https:\\\/\\\/www.typsa.com\\\/wp-content\\\/uploads\\\/Encuesta-Granada3.jpg\",\"datePublished\":\"2018-12-12T15:52:44+00:00\",\"dateModified\":\"2022-06-13T16:30:36+00:00\",\"breadcrumb\":{\"@id\":\"https:\\\/\\\/www.typsa.com\\\/en\\\/subete-granada\\\/#breadcrumb\"},\"inLanguage\":\"en-US\",\"potentialAction\":[{\"@type\":\"ReadAction\",\"target\":[\"https:\\\/\\\/www.typsa.com\\\/en\\\/subete-granada\\\/\"]}]},{\"@type\":\"ImageObject\",\"inLanguage\":\"en-US\",\"@id\":\"https:\\\/\\\/www.typsa.com\\\/en\\\/subete-granada\\\/#primaryimage\",\"url\":\"https:\\\/\\\/www.typsa.com\\\/wp-content\\\/uploads\\\/Encuesta-Granada3.jpg\",\"contentUrl\":\"https:\\\/\\\/www.typsa.com\\\/wp-content\\\/uploads\\\/Encuesta-Granada3.jpg\",\"width\":852,\"height\":373},{\"@type\":\"BreadcrumbList\",\"@id\":\"https:\\\/\\\/www.typsa.com\\\/en\\\/subete-granada\\\/#breadcrumb\",\"itemListElement\":[{\"@type\":\"ListItem\",\"position\":1,\"name\":\"Home\",\"item\":\"https:\\\/\\\/www.typsa.com\\\/en\\\/\"},{\"@type\":\"ListItem\",\"position\":2,\"name\":\"S\u00fabete al transporte p\u00fablico en Granada\"}]},{\"@type\":\"WebSite\",\"@id\":\"https:\\\/\\\/www.typsa.com\\\/en\\\/#website\",\"url\":\"https:\\\/\\\/www.typsa.com\\\/en\\\/\",\"name\":\"Grupo TYPSA\",\"description\":\"Grupo TYPSA\",\"publisher\":{\"@id\":\"https:\\\/\\\/www.typsa.com\\\/en\\\/#organization\"},\"potentialAction\":[{\"@type\":\"SearchAction\",\"target\":{\"@type\":\"EntryPoint\",\"urlTemplate\":\"https:\\\/\\\/www.typsa.com\\\/en\\\/?s={search_term_string}\"},\"query-input\":{\"@type\":\"PropertyValueSpecification\",\"valueRequired\":true,\"valueName\":\"search_term_string\"}}],\"inLanguage\":\"en-US\"},{\"@type\":\"Organization\",\"@id\":\"https:\\\/\\\/www.typsa.com\\\/en\\\/#organization\",\"name\":\"Grupo TYPSA\",\"url\":\"https:\\\/\\\/www.typsa.com\\\/en\\\/\",\"logo\":{\"@type\":\"ImageObject\",\"inLanguage\":\"en-US\",\"@id\":\"https:\\\/\\\/www.typsa.com\\\/en\\\/#\\\/schema\\\/logo\\\/image\\\/\",\"url\":\"https:\\\/\\\/www.typsa.com\\\/wp-content\\\/uploads\\\/logo-grupo-Typsa-300x300-1.png\",\"contentUrl\":\"https:\\\/\\\/www.typsa.com\\\/wp-content\\\/uploads\\\/logo-grupo-Typsa-300x300-1.png\",\"width\":300,\"height\":300,\"caption\":\"Grupo TYPSA\"},\"image\":{\"@id\":\"https:\\\/\\\/www.typsa.com\\\/en\\\/#\\\/schema\\\/logo\\\/image\\\/\"}},{\"@type\":\"Person\",\"@id\":\"https:\\\/\\\/www.typsa.com\\\/en\\\/#\\\/schema\\\/person\\\/96823f82f80793785e70a4217760bcfc\",\"name\":\"ensalza\",\"image\":{\"@type\":\"ImageObject\",\"inLanguage\":\"en-US\",\"@id\":\"https:\\\/\\\/www.typsa.com\\\/wp-content\\\/litespeed\\\/avatar\\\/a0d7e036bc1aef110d727293962e34c8.jpg?ver=1776933352\",\"url\":\"https:\\\/\\\/www.typsa.com\\\/wp-content\\\/litespeed\\\/avatar\\\/a0d7e036bc1aef110d727293962e34c8.jpg?ver=1776933352\",\"contentUrl\":\"https:\\\/\\\/www.typsa.com\\\/wp-content\\\/litespeed\\\/avatar\\\/a0d7e036bc1aef110d727293962e34c8.jpg?ver=1776933352\",\"caption\":\"ensalza\"},\"sameAs\":[\"https:\\\/\\\/www.typsa.com\"],\"url\":\"https:\\\/\\\/www.typsa.com\\\/en\\\/author\\\/ensalza\\\/\"}]}<\/script>\n<!-- \/ Yoast SEO plugin. -->","yoast_head_json":{"title":"S\u00fabete al transporte p\u00fablico en Granada - Grupo TYPSA","robots":{"index":"index","follow":"follow","max-snippet":"max-snippet:-1","max-image-preview":"max-image-preview:large","max-video-preview":"max-video-preview:-1"},"canonical":"https:\/\/www.typsa.com\/en\/subete-granada\/","og_locale":"en_US","og_type":"article","og_title":"S\u00fabete al transporte p\u00fablico en Granada - Grupo TYPSA","og_description":"\u00bfEn qu\u00e9 consiste? \u201cS\u00fabete al transporte p\u00fablico en Granada\u201d es un proyecto europeo para el fomento de la movilidad sostenible y la mejora de la calidad de vida de los ciudadanos. Si eres mayor de 18 a\u00f1os y quieres dejar de utilizar el coche para moverte en transporte p\u00fablico, te invitamos a que durante una ... Read more","og_url":"https:\/\/www.typsa.com\/en\/subete-granada\/","og_site_name":"Grupo TYPSA","article_published_time":"2018-12-12T15:52:44+00:00","article_modified_time":"2022-06-13T16:30:36+00:00","og_image":[{"width":852,"height":373,"url":"https:\/\/www.typsa.com\/wp-content\/uploads\/Encuesta-Granada3.jpg","type":"image\/jpeg"}],"author":"ensalza","twitter_card":"summary_large_image","twitter_misc":{"Written by":"ensalza","Est. reading time":"1 minute"},"schema":{"@context":"https:\/\/schema.org","@graph":[{"@type":"Article","@id":"https:\/\/www.typsa.com\/en\/subete-granada\/#article","isPartOf":{"@id":"https:\/\/www.typsa.com\/en\/subete-granada\/"},"author":{"name":"ensalza","@id":"https:\/\/www.typsa.com\/en\/#\/schema\/person\/96823f82f80793785e70a4217760bcfc"},"headline":"S\u00fabete al transporte p\u00fablico en Granada","datePublished":"2018-12-12T15:52:44+00:00","dateModified":"2022-06-13T16:30:36+00:00","mainEntityOfPage":{"@id":"https:\/\/www.typsa.com\/en\/subete-granada\/"},"wordCount":163,"publisher":{"@id":"https:\/\/www.typsa.com\/en\/#organization"},"image":{"@id":"https:\/\/www.typsa.com\/en\/subete-granada\/#primaryimage"},"thumbnailUrl":"https:\/\/www.typsa.com\/wp-content\/uploads\/Encuesta-Granada3.jpg","articleSection":["Highlights"],"inLanguage":"en-US"},{"@type":"WebPage","@id":"https:\/\/www.typsa.com\/en\/subete-granada\/","url":"https:\/\/www.typsa.com\/en\/subete-granada\/","name":"S\u00fabete al transporte p\u00fablico en Granada - Grupo TYPSA","isPartOf":{"@id":"https:\/\/www.typsa.com\/en\/#website"},"primaryImageOfPage":{"@id":"https:\/\/www.typsa.com\/en\/subete-granada\/#primaryimage"},"image":{"@id":"https:\/\/www.typsa.com\/en\/subete-granada\/#primaryimage"},"thumbnailUrl":"https:\/\/www.typsa.com\/wp-content\/uploads\/Encuesta-Granada3.jpg","datePublished":"2018-12-12T15:52:44+00:00","dateModified":"2022-06-13T16:30:36+00:00","breadcrumb":{"@id":"https:\/\/www.typsa.com\/en\/subete-granada\/#breadcrumb"},"inLanguage":"en-US","potentialAction":[{"@type":"ReadAction","target":["https:\/\/www.typsa.com\/en\/subete-granada\/"]}]},{"@type":"ImageObject","inLanguage":"en-US","@id":"https:\/\/www.typsa.com\/en\/subete-granada\/#primaryimage","url":"https:\/\/www.typsa.com\/wp-content\/uploads\/Encuesta-Granada3.jpg","contentUrl":"https:\/\/www.typsa.com\/wp-content\/uploads\/Encuesta-Granada3.jpg","width":852,"height":373},{"@type":"BreadcrumbList","@id":"https:\/\/www.typsa.com\/en\/subete-granada\/#breadcrumb","itemListElement":[{"@type":"ListItem","position":1,"name":"Home","item":"https:\/\/www.typsa.com\/en\/"},{"@type":"ListItem","position":2,"name":"S\u00fabete al transporte p\u00fablico en Granada"}]},{"@type":"WebSite","@id":"https:\/\/www.typsa.com\/en\/#website","url":"https:\/\/www.typsa.com\/en\/","name":"Grupo TYPSA","description":"Grupo TYPSA","publisher":{"@id":"https:\/\/www.typsa.com\/en\/#organization"},"potentialAction":[{"@type":"SearchAction","target":{"@type":"EntryPoint","urlTemplate":"https:\/\/www.typsa.com\/en\/?s={search_term_string}"},"query-input":{"@type":"PropertyValueSpecification","valueRequired":true,"valueName":"search_term_string"}}],"inLanguage":"en-US"},{"@type":"Organization","@id":"https:\/\/www.typsa.com\/en\/#organization","name":"Grupo TYPSA","url":"https:\/\/www.typsa.com\/en\/","logo":{"@type":"ImageObject","inLanguage":"en-US","@id":"https:\/\/www.typsa.com\/en\/#\/schema\/logo\/image\/","url":"https:\/\/www.typsa.com\/wp-content\/uploads\/logo-grupo-Typsa-300x300-1.png","contentUrl":"https:\/\/www.typsa.com\/wp-content\/uploads\/logo-grupo-Typsa-300x300-1.png","width":300,"height":300,"caption":"Grupo TYPSA"},"image":{"@id":"https:\/\/www.typsa.com\/en\/#\/schema\/logo\/image\/"}},{"@type":"Person","@id":"https:\/\/www.typsa.com\/en\/#\/schema\/person\/96823f82f80793785e70a4217760bcfc","name":"ensalza","image":{"@type":"ImageObject","inLanguage":"en-US","@id":"https:\/\/www.typsa.com\/wp-content\/litespeed\/avatar\/a0d7e036bc1aef110d727293962e34c8.jpg?ver=1776933352","url":"https:\/\/www.typsa.com\/wp-content\/litespeed\/avatar\/a0d7e036bc1aef110d727293962e34c8.jpg?ver=1776933352","contentUrl":"https:\/\/www.typsa.com\/wp-content\/litespeed\/avatar\/a0d7e036bc1aef110d727293962e34c8.jpg?ver=1776933352","caption":"ensalza"},"sameAs":["https:\/\/www.typsa.com"],"url":"https:\/\/www.typsa.com\/en\/author\/ensalza\/"}]}},"_links":{"self":[{"href":"https:\/\/www.typsa.com\/en\/wp-json\/wp\/v2\/posts\/54140","targetHints":{"allow":["GET"]}}],"collection":[{"href":"https:\/\/www.typsa.com\/en\/wp-json\/wp\/v2\/posts"}],"about":[{"href":"https:\/\/www.typsa.com\/en\/wp-json\/wp\/v2\/types\/post"}],"author":[{"embeddable":true,"href":"https:\/\/www.typsa.com\/en\/wp-json\/wp\/v2\/users\/1"}],"replies":[{"embeddable":true,"href":"https:\/\/www.typsa.com\/en\/wp-json\/wp\/v2\/comments?post=54140"}],"version-history":[{"count":0,"href":"https:\/\/www.typsa.com\/en\/wp-json\/wp\/v2\/posts\/54140\/revisions"}],"wp:featuredmedia":[{"embeddable":true,"href":"https:\/\/www.typsa.com\/en\/wp-json\/wp\/v2\/media\/52654"}],"wp:attachment":[{"href":"https:\/\/www.typsa.com\/en\/wp-json\/wp\/v2\/media?parent=54140"}],"wp:term":[{"taxonomy":"category","embeddable":true,"href":"https:\/\/www.typsa.com\/en\/wp-json\/wp\/v2\/categories?post=54140"},{"taxonomy":"post_tag","embeddable":true,"href":"https:\/\/www.typsa.com\/en\/wp-json\/wp\/v2\/tags?post=54140"}],"curies":[{"name":"wp","href":"https:\/\/api.w.org\/{rel}","templated":true}]}}